{"id":839,"date":"2025-09-09T14:25:07","date_gmt":"2025-09-09T12:25:07","guid":{"rendered":"https:\/\/www.flener.org\/mfm\/?p=839"},"modified":"2025-11-10T17:01:49","modified_gmt":"2025-11-10T16:01:49","slug":"millegalerie-beckerich","status":"publish","type":"post","link":"https:\/\/www.flener.org\/mfm\/2025\/09\/09\/millegalerie-beckerich\/","title":{"rendered":"Millegalerie Beckerich"},"content":{"rendered":"\n<p class=\"has-text-align-center\">prochaine exposition<strong><br><\/strong>du 15. nov. au 07. d\u00e9c. 2025<\/p>\n\n\n\n<figure id=\"bodyTable\" class=\"wp-block-table is-style-regular\"><table class=\"has-white-background-color has-background\"><tbody><tr><td class=\"has-text-align-center\" data-align=\"center\">Millegalerie<br><strong>Exposition Blanc<br><\/strong><br><strong><em>\u00a0 \u00a0Roma Babuniak et Mariette Flener<\/em><\/strong><em>\u00a0<\/em><br><br><em>Deux univers se c\u00f4toient<br>au travers du blanc.<br>Les visions se r\u00e9pondent<br>et tissent des liens \u00e9vidents<br>dans les lignes et<br>la simplicit\u00e9 des formes.<\/em><br><br><img width=\"389.15999999999997\" src=\"https:\/\/mcusercontent.com\/aafa2bc13396a4b7737c76b13\/images\/11f7f3b8-daf3-bb66-f61c-6b7b5f493f76.jpg\" alt=\"\"><br><br>Du 16 novembre au 7 d\u00e9cembre\u00a02025<br>Du jeudi au dimanche de 14h \u00e0 18h.<br><strong>Vernissage le samedi 15 novembre\u00a0\u00e0 18h<\/strong><br><br><img width=\"394.79999999999995\" src=\"https:\/\/mcusercontent.com\/aafa2bc13396a4b7737c76b13\/images\/1f4623d9-4aab-7321-a759-bcc509535138.jpg\" alt=\"\"><br><a rel=\"noreferrer noopener\" href=\"https:\/\/dmillen.us16.list-manage.com\/track\/click?u=aafa2bc13396a4b7737c76b13&amp;id=757e40f4b2&amp;e=1b4c11acff\" target=\"_blank\"><\/a><br><a rel=\"noreferrer noopener\" href=\"https:\/\/kulturmillen.lu\/millegalerie\/\" target=\"_blank\">Plus d&rsquo;infos<\/a><br><a rel=\"noreferrer noopener\" href=\"https:\/\/kulturmillen.lu\/millegalerie\/\" target=\"_blank\"><br><\/a><strong>+352 621 25 29 79<br>millegalerie @ kulturmillen . lu<br>Moulin de Beckerich\u00a0<br>103, Huewelerstrooss\u00a0 L-8521 Beckerich<br><\/strong><img width=\"253.8\" src=\"https:\/\/mcusercontent.com\/aafa2bc13396a4b7737c76b13\/images\/03f88cae-7926-8fde-edad-d5c61c7a72e8.jpg\" alt=\"\"><\/td><\/tr><\/tbody><\/table><\/figure>\n\n\n\n<div class=\"wp-block-file\"><object class=\"wp-block-file__embed\" data=\"https:\/\/www.flener.org\/mfm\/wp-content\/uploads\/2025\/11\/Invitation-Millegalerie-Mariette-Flener.pdf\" type=\"application\/pdf\" style=\"width:100%;height:600px\" aria-label=\"Contenu embarqu\u00e9 Invitation-Millegalerie-Mariette-Flener.\"><\/object><a id=\"wp-block-file--media-8a84e0a6-9d25-4684-afca-ddb328be3696\" href=\"https:\/\/www.flener.org\/mfm\/wp-content\/uploads\/2025\/11\/Invitation-Millegalerie-Mariette-Flener.pdf\">Invitation-Millegalerie-Mariette-Flener<\/a><a href=\"https:\/\/www.flener.org\/mfm\/wp-content\/uploads\/2025\/11\/Invitation-Millegalerie-Mariette-Flener.pdf\" class=\"wp-block-file__button\" download aria-describedby=\"wp-block-file--media-8a84e0a6-9d25-4684-afca-ddb328be3696\">T\u00e9l\u00e9charger<\/a><\/div>\n","protected":false},"excerpt":{"rendered":"<p>prochaine expositiondu 15. nov. au 07. d\u00e9c. 2025 MillegalerieExposition Blanc\u00a0 \u00a0Roma Babuniak et Mariette Flener\u00a0 Deux univers se c\u00f4toientau travers du blanc.Les visions se r\u00e9pondentet tissent des liens \u00e9videntsdans les lignes etla simplicit\u00e9 des formes. Du 16 novembre au 7 d\u00e9cembre\u00a02025Du jeudi au dimanche de 14h \u00e0 18h.Vernissage le samedi 15 novembre\u00a0\u00e0 18h Plus d&rsquo;infos+352 [&hellip;]<\/p>\n","protected":false},"author":1,"featured_media":0,"comment_status":"closed","ping_status":"open","sticky":false,"template":"","format":"standard","meta":[],"categories":[2],"tags":[],"_links":{"self":[{"href":"https:\/\/www.flener.org\/mfm\/wp-json\/wp\/v2\/posts\/839"}],"collection":[{"href":"https:\/\/www.flener.org\/mfm\/wp-json\/wp\/v2\/posts"}],"about":[{"href":"https:\/\/www.flener.org\/mfm\/wp-json\/wp\/v2\/types\/post"}],"author":[{"embeddable":true,"href":"https:\/\/www.flener.org\/mfm\/wp-json\/wp\/v2\/users\/1"}],"replies":[{"embeddable":true,"href":"https:\/\/www.flener.org\/mfm\/wp-json\/wp\/v2\/comments?post=839"}],"version-history":[{"count":2,"href":"https:\/\/www.flener.org\/mfm\/wp-json\/wp\/v2\/posts\/839\/revisions"}],"predecessor-version":[{"id":845,"href":"https:\/\/www.flener.org\/mfm\/wp-json\/wp\/v2\/posts\/839\/revisions\/845"}],"wp:attachment":[{"href":"https:\/\/www.flener.org\/mfm\/wp-json\/wp\/v2\/media?parent=839"}],"wp:term":[{"taxonomy":"category","embeddable":true,"href":"https:\/\/www.flener.org\/mfm\/wp-json\/wp\/v2\/categories?post=839"},{"taxonomy":"post_tag","embeddable":true,"href":"https:\/\/www.flener.org\/mfm\/wp-json\/wp\/v2\/tags?post=839"}],"curies":[{"name":"wp","href":"https:\/\/api.w.org\/{rel}","templated":true}]}}